{"id":473,"date":"1985-03-07T11:12:13","date_gmt":"1985-03-07T10:12:13","guid":{"rendered":"http:\/\/cetef63.fr\/?p=473"},"modified":"2019-06-18T09:19:27","modified_gmt":"2019-06-18T07:19:27","slug":"473","status":"publish","type":"post","link":"https:\/\/cetef63.fr\/?p=473","title":{"rendered":"638503-Comportement et croissance de merisiers en moyenne altitude"},"content":{"rendered":"\n<p>\n<strong>LA\nFORET DE LA MONTMARIE<\/strong><\/p>\n\n\n\n<p>\n<em><strong>OLLIERGUES\n &#8211;  PUY DE DOME<\/strong><\/em><\/p>\n\n\n\n<p>\n  <strong>HISTORIQUE\nDE LA FORET<\/strong><\/p>\n\n\n\n<p>\nC\u2019est\nen 1871, que Robert De Nervo, fondateur de la compagnie de Chemin de\nFer du PLM, ach\u00e8te une propri\u00e9t\u00e9 de 40 ha afin de s\u2019\u00e9tablir\ndans les Monts du Forez et d\u2019y construire un ch\u00e2teau.<\/p>\n\n\n\n<p>\nLe\nCh\u00e2teau est achev\u00e9 en 1876, par la suite, le propri\u00e9taire m\u00e8ne\nune politique d\u2019acquisition des parcelles agricoles riveraines\njusqu\u2019en 1913, date de son d\u00e9c\u00e8s.<\/p>\n\n\n\n<p> Sa veuve puis son fils Jean, poursuivent son \u0153uvre jusqu\u2019au d\u00e9but des ann\u00e9es 1920 o\u00f9 le domaine est alors constitu\u00e9 d\u2019environ 115 ha de terres agricoles et de 15 ha de plantations d\u2019\u00e9pic\u00e9as , m\u00e9l\u00e8zes, et pins sylvestres install\u00e9es en 1883.<\/p>\n\n\n\n<p>\nLes\nparcelles agricoles sont lou\u00e9es \u00e0 7 familles d\u2019agriculteurs\nr\u00e9parties dans les villages de Badau, La Pause, Lair, Le Moulin des\nFaures et La Montmarie.<\/p>\n\n\n\n<p>\nEn\n1930, la ferme de Badau est abandonn\u00e9e ce qui se traduit par le\nboisement de quelques parcelles dont certaines subsistent\ntoujours(P42), jusqu\u2019\u00e0 l\u2019arriv\u00e9e d\u2019un nouveau fermier en\n1931.<\/p>\n\n\n\n<p>\nLes\npremiers boisements d\u2019envergures sont r\u00e9alis\u00e9s en 1942-1943 sur\nles terres du Moulin des Faures, il s\u2019agit pour l\u2019essentiel de\nplantations d\u2019Epic\u00e9as. A la m\u00eame \u00e9poque, la ferme de Lair et 13\nha de terres sont vendus, ils abritent aujourd\u2019hui le centre de\nvacances du quotidien \u00ab&nbsp;La Voix du Nord&nbsp;\u00bb.<\/p>\n\n\n\n<p>\nLa\nmodernisation de l\u2019agriculture et un exode rural intense entre 1945\net 1952 entra\u00eenent le boisement d\u2019une importante partie du Domaine\n(30 ha environ) sous la conduite de Fran\u00e7ois De Nervo.<\/p>\n\n\n\n<p>\nLes\nsols superficiels ou expos\u00e9s au Sud, sont bois\u00e9s en Pins\nsylvestres, les meilleurs terrains en Douglas ou Epic\u00e9as, certaines\nparcelles sont plant\u00e9es en m\u00e9lange ligne par ligne (M\u00e9l\u00e8ze du\nJapon, Douglas, Pin sylvestre, Epic\u00e9a commun).<\/p>\n\n\n\n<p>\nA\npartir de 1970 il n\u2019y a plus d\u2019agriculteurs \u00e0 la Montmarie, les\nderni\u00e8res parcelles agricoles sont bois\u00e9es en 1985.<\/p>\n\n\n\n<p>\nLes\n6 et 7 Novembre 1982 une violente temp\u00eate s\u2019abat sur l\u2019Auvergne,\nle Domaine est particuli\u00e8rement affect\u00e9 par cet \u00e9v\u00e9nement\nclimatique exceptionnel puisque 10 ha de futaies sont totalement\nd\u00e9truits et 25 ha pr\u00e9sentent des d\u00e9g\u00e2ts de chablis.<\/p>\n\n\n\n<p>\nFran\u00e7ois\nde Nervo d\u00e9c\u00e8de en 1977, sa succession vend, en octobre 1982, la\npropri\u00e9t\u00e9 bois\u00e9e (104 ha) \u00e0 la Caisse R\u00e9gionale d\u2019Assurances\nMutuelles Agricoles du Puy de D\u00f4me, le Ch\u00e2teau et ses abords \u00e0 un\nparticulier.<\/p>\n\n\n\n<h4>\n  <strong>CONDITIONS\nDE STATION<\/strong><\/h4>\n\n\n\n<p>\n.\nAltitude : <strong>460\n\u00e0 630 m<\/strong><\/p>\n\n\n\n<p>\n.\nPluviom\u00e9trie : <strong>950\nmm\/an<\/strong><\/p>\n\n\n\n<p>\n.\nTemp\u00e9ratures : \tmoyenne annuelle <strong>9,1\u00b0C<\/strong><\/p>\n\n\n\n<p>\nmoyenne\ndu mois de janvier <strong>1,4\u00b0C<\/strong><\/p>\n\n\n\n<p>\n\tmoyenne\ndu mois de juillet <strong>17,3\u00b0C<\/strong><\/p>\n\n\n\n<p>\n.\nIndice d\u2019aridit\u00e9 de DE MARTONNE : <strong>50<\/strong><\/p>\n\n\n\n<p>\n.\nExpositions principales : <strong>Est,\nSud, Ouest<\/strong><\/p>\n\n\n\n<p>\n.\nG\u00e9ologie : <strong>Granites\n<\/strong>donnant\nnaissance \u00e0 des ar\u00e8nes.<\/p>\n\n\n\n<p>\n.\nSols : Sols bruns acides \u00e0 texture sablo-limoneuse, r\u00e9serve utile\nen eau et niveau trophique faible.  \n<\/p>\n\n\n\n<h4>\n <strong>AMENAGEMENT\nDE LA FORET<\/strong><\/h4>\n\n\n\n<p>\nLa\nfor\u00eat est soumise au plan simple de gestion (PSG).<\/p>\n\n\n\n<p>\nLe\nPSG a \u00e9t\u00e9 renouvel\u00e9 et agr\u00e9\u00e9 par le CRPF Auvergne en mars 1998,,\nil expire le 31&nbsp;d\u00e9cembre 2007.<\/p>\n\n\n\n<p>\nLe\nmassif est divis\u00e9 en 11 parcelles foresti\u00e8res, elles m\u00eames\ndivis\u00e9es en sous-parcelles au nombre de 82&nbsp;au total.<\/p>\n\n\n\n<p>\nLes\nparcelles et sous-parcelles sont mat\u00e9rialis\u00e9es et num\u00e9rot\u00e9es sur\nle terrain.<\/p>\n\n\n\n<p>\nCette\npropri\u00e9t\u00e9 \u00e0 vocation initialement agricole a fait l\u2019objet de\nreboisements, \u00e0 partir des ann\u00e9es 1930, sur les parcelles\nabandonn\u00e9es par l\u2019agriculture.<\/p>\n\n\n\n<p>\nLes\nderniers boisements ont eu lieu au milieu des ann\u00e9es 1980, de ce\nfait l\u2019on trouve toutes les classes d\u2019\u00e2ges de 1&nbsp;\u00e0 60 ans\nsur l\u2019ensemble de la propri\u00e9t\u00e9.<\/p>\n\n\n\n<p>\nLes\nparcelles les plus \u00e2g\u00e9es (pr\u00e9vues en coupe \u00e0 blanc durant la\ndur\u00e9e d\u2019application du PSG) sont souvent constitu\u00e9es par des\nr\u00e9sineux en m\u00e9lange (m\u00e9l\u00e8zes-\u00e9pic\u00e9a, \u00e9pic\u00e9a-douglas,\n\u00e9pic\u00e9a-pin,&#8230;).<\/p>\n\n\n\n<p>\nLes\nessences les plus repr\u00e9sent\u00e9es sont par ordre d\u00e9croissant\nd\u2019importance : \u00e9pic\u00e9a commun, douglas, m\u00e9l\u00e8zes, sapins\n(pectin\u00e9, nordmann, de Vancouver), pin sylvestre, feuillus pr\u00e9cieux.<\/p>\n\n\n\n<p>\nActuellement\nles reboisements sont r\u00e9alis\u00e9s principalement avec le douglas,\nessence de bonne venue \u00e0 la Montmarie.<\/p>\n\n\n\n<p>\nLes\ndirectives de gestion d\u00e9finies dans le PSG sont les suivantes :<\/p>\n\n\n\n<p>\n\t&#8211;\nR\u00e9colte des peuplements m\u00fbrs et sans avenir.<\/p>\n\n\n\n<p>\n\t&#8211;\nAm\u00e9lioration par des coupes et travaux des autres peuplements.<\/p>\n\n\n\n<p>\nLa\ngestion est assur\u00e9e par la Coop\u00e9rative Foresti\u00e8re \u00ab&nbsp;LIVRAFOR&nbsp;\u00bb.<\/p>\n\n\n\n<p>\nDe\nnombreuses placettes exp\u00e9rimentales (contr\u00f4le de production,\nsylviculture des feuillus, introduction d\u2019essences exotiques,\ntechniques sylvicoles,&#8230;) ont \u00e9t\u00e9 mises en place, \u00e0 partir de la\nfin des ann\u00e9es 1970 par le CRPF Auvergne et le CETEF du Puy de D\u00f4me\nen liaison avec l\u2019Institut pour le D\u00e9veloppement Forestier.<\/p>\n\n\n\n<p>\nLa\nfor\u00eat est r\u00e9guli\u00e8rement pr\u00e9sent\u00e9e \u00e0 de nombreux visiteurs\n(groupes de sylviculteurs, \u00e9coles foresti\u00e8res, voyages d\u2019\u00e9tudes,\n&#8230;)<\/p>\n\n\n\n<p>\n<strong>PROGRAMME\nDES TRAVAUX A REALISER DANS LES PARCELLES DE DOUGLAS TRAITEES EN\nFUTAIE RESINEUSE<\/strong><\/p>\n\n\n\n<table class=\"wp-block-table\"><tbody><tr><td>\n\t\t\t<strong>AGE\n\t\t\tDU PEUPLEMENT<\/strong>\n\t\t<\/td><td>\n\t\t\t<strong>TRAVAUX<\/strong>\n\t\t<\/td><\/tr><tr><td>\n\t\t\t0\n\t\t<\/td><td>\n\t\t\tPlantation\n\t\t\tTraitement hylobe\n\t\t<\/td><\/tr><tr><td>\n\t\t\t1\n\t\t<\/td><td>\n\t\t\tRegarnis\n\t\t\t&#8211; D\u00e9gagements\n\t\t<\/td><\/tr><tr><td>\n\t\t\t3\n\t\t<\/td><td>\n\t\t\tD\u00e9gagements\n\t\t<\/td><\/tr><tr><td>\n\t\t\t5\n\t\t<\/td><td>\n\t\t\tD\u00e9gagements\n\t\t<\/td><\/tr><tr><td>\n\t\t\t14\n\t\t\t&#8211; 20\n\t\t<\/td><td>\n\t\t\tEclaircie*\n\t\t<\/td><\/tr><tr><td>\n\t\t\t20\n\t\t\t&#8211; 26\n\t\t<\/td><td>\n\t\t\tCoupe\n\t\t\td\u2019am\u00e9lioration\n\t\t<\/td><\/tr><tr><td>\n\t\t\t26\n\t\t\t&#8211; 34\n\t\t<\/td><td>\n\t\t\tCoupe\n\t\t\td\u2019am\u00e9lioration\n\t\t<\/td><\/tr><tr><td>\n\t\t\t34\n\t\t\t&#8211; 42\n\t\t<\/td><td>\n\t\t\tCoupe\n\t\t\td\u2019am\u00e9lioration ou rase\n\t\t<\/td><\/tr><tr><td>\n\t\t\t42\n\t\t\t&#8211; 50\n\t\t<\/td><td>\n\t\t\tCoupe\n\t\t\trase\n\t\t<\/td><\/tr><\/tbody><\/table>\n\n\n\n<p>*\ncertaines parcelles ont fait ou feront l\u2019objet d\u2019un \u00e9lagage des\nplus belles tiges \u00e0 5,50 m &#8211; 6 m.<\/p>\n\n\n\n<p>\n<strong>L\u2019objectif<\/strong>\nest d\u2019obtenir des arbres de <strong>\n1,5 m<\/strong><sup><strong>3\n<\/strong><\/sup><strong> \u00e0\n2 m<\/strong><sup><strong>3<\/strong><\/sup><sup>\n<\/sup>de qualit\u00e9  en\n<strong>35<\/strong>\n\u00e0 <strong>50<\/strong>\nans selon les stations<\/p>\n\n\n\n<p>\n<strong>CRPF\nAUVERGNE-IDF-CETEF DU PUY DE DOME<\/strong><\/p>\n\n\n\n<p>\n<strong>DISPOSITIF\nEXPERIMENTAL DE MERISIERS<\/strong><\/p>\n\n\n\n<p>\n<em><strong>DOMAINE\nFORESTIER DE LA MONTMARIE<\/strong><\/em><\/p>\n\n\n\n<p>\n<em><strong>OLLIERGUES\n(PUY-DE-DOME)<\/strong><\/em><\/p>\n\n\n\n<p>\n<strong>MAITRES\nD\u2019OEUVRE<\/strong><\/p>\n\n\n\n<p>\nElaboration\ndu protocole, mise en place et suivi de l\u2019exp\u00e9rimentation:<\/p>\n\n\n\n<p>\n<strong>Institut\npour le D\u00e9veloppement Forestier<\/strong><\/p>\n\n\n\n<p>\n<strong>CRPF\nAuvergne- CETEF du Puy de D\u00f4me<\/strong><\/p>\n\n\n\n<p>\n<strong>OBJECTIF\nDU DISPOSITIF<\/strong><\/p>\n\n\n\n<p>\nComportement\net croissance de merisiers en moyenne altitude.<\/p>\n\n\n\n<p>\n<strong>DATE\nD\u2019INSTALLATION <\/strong>\n<\/p>\n\n\n\n<p>\nPrintemps\n1985.<\/p>\n\n\n\n<p>\n<strong>CONDITIONS\nDE STATION<\/strong><\/p>\n\n\n\n<p>\nAltitude\n: 600 m<\/p>\n\n\n\n<p>\nExposition\n: Ouest<\/p>\n\n\n\n<p>\nPluviom\u00e9trie\n: 950 mm\/an<\/p>\n\n\n\n<p>\nTemp\u00e9rature\nmoyenne annuelle : 9,1\u00b0C<\/p>\n\n\n\n<p>\nNature\nde la roche m\u00e8re : Granite<\/p>\n\n\n\n<p>\nType\nde sol : sol brun acide<\/p>\n\n\n\n<p>\nTexture\n: sableuse<\/p>\n\n\n\n<p>\npH\n: acide<\/p>\n\n\n\n<p>\nMilieu\nv\u00e9g\u00e9tal pr\u00e9existant : prairie.<\/p>\n\n\n\n<p>\n<strong>DESCRIPTION\nDES TRAVAUX PREPARATOIRES<\/strong><\/p>\n\n\n\n<p>\nEclatement\nde la couverture herbac\u00e9e par un passage rapide au rotavator.<\/p>\n\n\n\n<p>\nLabour\nen plein \u00e0 la charrue \u00e0 soc.<\/p>\n\n\n\n<p>\nHersage.<\/p>\n\n\n\n<p>\nCo\u00fbt\ndes travaux pr\u00e9paratoires (1985) : 1&nbsp;600 F TTC\/ha.<\/p>\n\n\n\n<p>\n<strong>DESCRIPTION\nDU DISPOSITIF EXPERIMENTAL<\/strong><\/p>\n\n\n\n<p>\n<strong>Origine\ndes plants<\/strong><\/p>\n\n\n\n<p>\nLes\nplants sont issus de merisiers adultes, s\u00e9lectionn\u00e9s d\u2019apr\u00e8s des\ncrit\u00e8res de FORME\/QUALITE (bille de tranche \u00e9b\u00e9nisterie) et de\nVIGUEUR.<\/p>\n\n\n\n<p>\nTrois\norigines provenant de RECOLTE DE GRAINES :<\/p>\n\n\n\n<p>\n&#8211;\nNormandie (Blanc)<\/p>\n\n\n\n<p>\n&#8211;\nMoselle (Bleu-Rouge)<\/p>\n\n\n\n<p>\n&#8211;\nMeurthe et Moselle (Bleu)<\/p>\n\n\n\n<p>\nUne\norigine issue de MULTIPLICATION VEGETATIVE :<\/p>\n\n\n\n<p>\n&#8211;\nPIERVAL (Rouge, ex clone INRA N\u00b0 108) .<\/p>\n\n\n\n<p>\n&#8211;\nIndre et Loire \n<\/p>\n\n\n\n<p>\n&#8211;\n120 m d\u2019altitude \n<\/p>\n\n\n\n<p>\n&#8211;\npH sup\u00e9rieur \u00e0 7.<\/p>\n\n\n\n<p>\n&#8211;\nsol probablement carbonat\u00e9.<\/p>\n\n\n\n<p>\nDensit\u00e9\nde plantation 555 tiges\/ha (6m X 3m)<\/p>\n\n\n\n<p>\nPlants\n1 + 0. Taille 40\/80<\/p>\n\n\n\n<p>\nLes\ndiff\u00e9rentes origines sont install\u00e9es par s\u00e9quences de 8 plants\n(5&nbsp;r\u00e9p\u00e9titions).<\/p>\n\n\n\n<p>\n<strong>DESCRIPTION\nDES TRAVAUX MIS EN OEUVRE DEPUIS L\u2019ORIGINE<\/strong><\/p>\n\n\n\n<p>\n\uf0d8<strong>PRINTEMPS\n1985<\/strong><\/p>\n\n\n\n<p>\nPiquetage\n(1 homme\/jour)<\/p>\n\n\n\n<p>\nPlantation\nen potets (2 hommes\/jour)<\/p>\n\n\n\n<p>\nPrix\ndes plants (F 1985, hors taxes)<\/p>\n\n\n\n<p>\n&#8211;\nNormandie: 2.60 F l\u2019unit\u00e9<\/p>\n\n\n\n<p>\n&#8211;\nMoselle: 2.60 F l\u2019unit\u00e9<\/p>\n\n\n\n<p>\n&#8211;\nMeurthe et Moselle: 3 F l\u2019unit\u00e9<\/p>\n\n\n\n<p>\n&#8211;\nPierval: 10.50 F l\u2019unit\u00e9<\/p>\n\n\n\n<p>\n\uf0d8<strong>JUIN\n1985:<\/strong>Traitement\ncontre les pucerons \u00e0 la deltam\u00e9thrine (200 F TTC)<\/p>\n\n\n\n<p>\n\uf0d8<strong>PRINTEMPS-ETE\n1985<\/strong>\n: 2 fauchages manuels sur les lignes de plantation. \n<\/p>\n\n\n\n<p>\n\t\t(1\nhomme\/jour)<\/p>\n\n\n\n<p>\n\uf0d8<strong>HIVER\n1985-1986<\/strong>\n:<\/p>\n\n\n\n<p>\nMise\nen place de protections contre les d\u00e9g\u00e2ts de chevreuils :<\/p>\n\n\n\n<p>\n\t\t&#8211;\nmanchons \u00ab&nbsp;SPIRAL&nbsp;\u00bb pour les arbres suffisamment rigides.<\/p>\n\n\n\n<p>\n\t\t&#8211;\nprotections type \u00ab&nbsp;NORTENE&nbsp;\u00bb en grillage plastique noir\nde 1,20&nbsp;m.<\/p>\n\n\n\n<p>\n\t\tCo\u00fbts\n1985 (TTC) :<\/p>\n\n\n\n<p>\n\t\t&#8211;\nManchons \u00ab&nbsp;Spiral&nbsp;\u00bb : 3,40 F l\u2019unit\u00e9<\/p>\n\n\n\n<p>\n\t\t&#8211;\nNORTENE :<\/p>\n\n\n\n<p>\n\t\t\n&nbsp;Manchon \u00e0 mailles hexagonales : 1,20&nbsp;m &#8211; diam\u00e8tre 20 cm\n= 4,27 F \t&nbsp;&nbsp;l\u2019unit\u00e9<\/p>\n\n\n\n<p>\n\t\t.&nbsp;Manchon\n\u00e0 mailles hexagonales : 1,20 m &#8211; diam\u00e8tre 30 cm = 5,69 F \t&nbsp;&nbsp;l\u2019unit\u00e9<\/p>\n\n\n\n<p>\n\t\t.&nbsp;Rouleau\nde 50 m, maille rectangulaire : 475 F (70 protections \t\tenviron \u00e0\n6,80 F l\u2019unit\u00e9)<\/p>\n\n\n\n<p>\n\t\t.&nbsp;Tuteur\nbambou 12\/14 : 1,07 F l\u2019unit\u00e9.<\/p>\n\n\n\n<p>\n\t\tPrix\nde revient install\u00e9 (fourniture + pose, 1985) :<\/p>\n\n\n\n<p>\n\t\t&#8211;\nManchons type \u00ab&nbsp;NORTENE&nbsp;\u00bb 8 F \u00e0 10 F TTC<\/p>\n\n\n\n<p>\n\t\t&#8211;\nManchons \u00ab&nbsp;SPIRAL&nbsp;\u00bb 5 F TTC.<\/p>\n\n\n\n<p>\n\uf0d8<strong>1986<\/strong>\n:-Fauchage manuel sur la ligne (1 homme\/jour)<\/p>\n\n\n\n<p>\n-Juin\net Juillet: Traitements contre les pucerons \u00e0 la deltam\u00e9thrine (400\nF TTC)<\/p>\n\n\n\n<p>\n&#8211;\nGyrobroyage entre les lignes (300 F TTC)<\/p>\n\n\n\n<p>\n\uf0d8<strong>1987<\/strong>\n:* Traitement chimique autour du plant en mars.<\/p>\n\n\n\n<p>\n*\n12 g par plant de FYDULAN (Dalapon + Dichlob\u00e9nyl en granul\u00e9s)<\/p>\n\n\n\n<p>\n\t\tCo\u00fbt\n(TTC, 1987) : Application 2 heures<\/p>\n\n\n\n<p>\n\t\t\tFYDULAN\n45,72 F\/kg soit 0,55 F\/plant.<\/p>\n\n\n\n<p>\n\t\t*\nGyrobroyages entre les lignes de plantation en juin et ao\u00fbt (600 F\nTTC)<\/p>\n\n\n\n<p>\n\t\t*&nbsp;Traitement\ncontre les pucerons \u00e0 la deltam\u00e9thrine (200 F)<\/p>\n\n\n\n<p>\n\t\t*&nbsp;Taille\nde formation \u00e0 la mi-juillet (3 heures).<\/p>\n\n\n\n<p>\n\uf0d8<strong>1988<\/strong>\n: * Traitement chimique en mai autour du plant.<\/p>\n\n\n\n<p>\n6\nl\/ha trait\u00e9 de ROUNDUP (glyphosate)<\/p>\n\n\n\n<p>\nApplication\nen traitement dirig\u00e9 au pulv\u00e9risateur \u00e0 dos HARDY RY 15\n(contenance 15 litres) avec buse miroir.<\/p>\n\n\n\n<p>\n\t\tCo\u00fbt\n(TTC, 1988) :\tApplication 4 heures<\/p>\n\n\n\n<p>\n\t\t\t\tROUNDUP\n150 F\/litre soit 0,30 F par plant.<\/p>\n\n\n\n<p>\n\t*\nGyrobroyage entre les lignes (300 F).<\/p>\n\n\n\n<p>\n\uf0d8<strong>1989<\/strong>\n: \t* Gyrobroyage entre les lignes.<\/p>\n\n\n\n<p>\n\uf0d8<strong>1990<\/strong>\n: \t* Gyrobroyage entre les lignes.<\/p>\n\n\n\n<p>\n\uf0d8<strong>1991<\/strong>\n: \t* Gyrobroyage entre les lignes.<\/p>\n\n\n\n<p>\n\uf0d8<strong>1992<\/strong>\n: \t* Tailles de formation et \u00e9lagage (8 heures).<\/p>\n\n\n\n<p>\n\uf0d8<strong>1993<\/strong>\n: \t* D\u00e9cembre, tailles de formation et \u00e9lagage (20 heures).<\/p>\n\n\n\n<p>\n\uf0d8<strong>1995<\/strong>\n: \t* Juillet, tailles et \u00e9lagages (12 heures).<\/p>\n\n\n\n<p>\n\uf0d8<strong>1996\n:<\/strong>\t*\nJuillet, tailles et \u00e9lagages (12 heures).<\/p>\n\n\n\n<p>\n\uf0d8<strong>1997\n:<\/strong>\t*\nJuillet, tailles et \u00e9lagages (12 heures).<\/p>\n\n\n\n<p>\n\t\tD\u00e9pose\ndes protections (4 heures) \u00e0 poursuivre en 1998 (4 heures?).<\/p>\n\n\n\n<p>\n\uf0d8<strong>1998,\n1999&nbsp;et 2000 :<\/strong>\npas de travaux sylvicoles<\/p>\n\n\n\n<p>\nRESULTATS<\/p>\n\n\n\n<p>\n(\nFin 1996, 12 ans de plantation)<\/p>\n\n\n\n<p>\nDensit\u00e9\ninitiale:\n555 tiges\/ha<\/p>\n\n\n\n<p>\nDensit\u00e9\nactuelle:\n513 tiges\/ha<\/p>\n\n\n\n<p>\n(Mortalit\u00e9:\n7.5%)<\/p>\n\n\n\n<table class=\"wp-block-table\"><tbody><tr><td>\n\t\t\t\t<br>\n\n\t\t\t\t\n\t\t\t\t<br>\n\n\t\t\t\t\n\t\t\t\t<strong>ORIGINES<\/strong>\n\t\t\t<\/td><td>\n\t\t\t\t<strong>Donn\u00e9es\n\t\t\t\tdendrom\u00e9triques concernant<\/strong>\n\t\t\t\t<strong>l\u2019arbre\n\t\t\t\tmoyen (arbre de surface terri\u00e8re moyenne)<\/strong>\n\t\t\t<\/td><td>\n\t\t\t\t<strong>Donn\u00e9es\n\t\t\t\tdendrom\u00e9triques concernant<\/strong>\n\t\t\t\t<strong>l\u2019arbre\n\t\t\t\tdominant(arbre de hauteur dominante)<\/strong>\n\t\t\t<\/td><td>\n\t\t\t\t<strong>Surface<\/strong>\n\t\t\t\t<strong>terri\u00e8re<\/strong>\n\t\t\t<\/td><td>\n\t\t\t\t<strong>Facteur d\u2019\u00e9lance-ment<\/strong>\n\t\t\t<\/td><\/tr><tr><td>\n\t\t\t\t<br>\n\n\t\t\t\t\n\t\t\t<\/td><td>\n\t\t\t\t<em><strong>Circonf\u00e9-rence\n\t\t\t\ten cm<\/strong><\/em>\n\t\t\t<\/td><td>\n\t\t\t\t<em><strong>Hauteur\n\t\t\t\ten m<\/strong><\/em>\n\t\t\t<\/td><td>\n\t\t\t\t<em><strong>Accroi-<\/strong><\/em>\n\t\t\t\t<em><strong>ssement\n\t\t\t\tmoyen sur la hauteur en m\/an<\/strong><\/em>\n\t\t\t<\/td><td>\n\t\t\t\t<em><strong>Accroi-<\/strong><\/em>\n\t\t\t\t<em><strong>ssement\n\t\t\t\tmoyen sur la circonf\u00e9-rence en cm\/an<\/strong><\/em>\n\t\t\t<\/td><td>\n\t\t\t\t<em><strong>Circonf\u00e9-rence\n\t\t\t\ten cm<\/strong><\/em>\n\t\t\t<\/td><td>\n\t\t\t\t<em><strong>Hauteur\n\t\t\t\ten m<\/strong><\/em>\n\t\t\t<\/td><td>\n\t\t\t\t<em><strong>en\n\t\t\t\tm\u00b2\/ha<\/strong><\/em>\n\t\t\t<\/td><td>\n\t\t\t\t<em><strong>(H\/D)<\/strong><\/em>\n\t\t\t<\/td><\/tr><tr><td>\n\t\t\t\t<br>\n\n\t\t\t\t\n\t\t\t\t\n\t\t\t\t<strong>Pierval<\/strong>\n\t\t\t\t<br>\n\n\t\t\t\t\n\t\t\t<\/td><td>\n\t\t\t\t<br>\n\n\t\t\t\t\n\t\t\t\t40.4\n\t\t\t<\/td><td>\n\t\t\t\t<br>\n\n\t\t\t\t\n\t\t\t\t8.82\n\t\t\t<\/td><td>\n\t\t\t\t<br>\n\n\t\t\t\t\n\t\t\t\t0.68\n\t\t\t<\/td><td>\n\t\t\t\t<br>\n\n\t\t\t\t\n\t\t\t\t4.4\n\t\t\t<\/td><td>\n\t\t\t\t<br>\n\n\t\t\t\t\n\t\t\t\t55\n\t\t\t<\/td><td>\n\t\t\t\t<br>\n\n\t\t\t\t\n\t\t\t\t11.13\n\t\t\t<\/td><td>\n\t\t\t\t<br>\n\n\t\t\t\t\n\t\t\t\t6.9\n\t\t\t<\/td><td>\n\t\t\t\t<br>\n\n\t\t\t\t\n\t\t\t\t71\n\t\t\t<\/td><\/tr><tr><td>\n\t\t\t\t<br>\n\n\t\t\t\t\n\t\t\t\t<strong>Moselle<\/strong>\n\t\t\t\t<br>\n\n\t\t\t\t\n\t\t\t<\/td><td>\n\t\t\t\t<br>\n\n\t\t\t\t\n\t\t\t\t27.5\n\t\t\t<\/td><td>\n\t\t\t\t<br>\n\n\t\t\t\t\n\t\t\t\t6.93\n\t\t\t<\/td><td>\n\t\t\t\t<br>\n\n\t\t\t\t\n\t\t\t\t0.53\n\t\t\t<\/td><td>\n\t\t\t\t<br>\n\n\t\t\t\t\n\t\t\t\t2.8\n\t\t\t<\/td><td>\n\t\t\t\t<br>\n\n\t\t\t\t\n\t\t\t\t45.8\n\t\t\t<\/td><td>\n\t\t\t\t<br>\n\n\t\t\t\t\n\t\t\t\t10.02\n\t\t\t<\/td><td>\n\t\t\t\t<br>\n\n\t\t\t\t\n\t\t\t\t3.2\n\t\t\t<\/td><td>\n\t\t\t\t<br>\n\n\t\t\t\t\n\t\t\t\t90\n\t\t\t<\/td><\/tr><tr><td>\n\t\t\t\t<br>\n\n\t\t\t\t\n\t\t\t\t<strong>Meurthe\n\t\t\t\tet Moselle<\/strong>\n\t\t\t\t<br>\n\n\t\t\t\t\n\t\t\t<\/td><td>\n\t\t\t\t<br>\n\n\t\t\t\t\n\t\t\t\t28.1\n\t\t\t<\/td><td>\n\t\t\t\t<br>\n\n\t\t\t\t\n\t\t\t\t7.10\n\t\t\t<\/td><td>\n\t\t\t\t<br>\n\n\t\t\t\t\n\t\t\t\t0.55.\n\t\t\t<\/td><td>\n\t\t\t\t<br>\n\n\t\t\t\t\n\t\t\t\t2.8\n\t\t\t<\/td><td>\n\t\t\t\t<br>\n\n\t\t\t\t\n\t\t\t\t42.6\n\t\t\t<\/td><td>\n\t\t\t\t<br>\n\n\t\t\t\t\n\t\t\t\t9.97\n\t\t\t<\/td><td>\n\t\t\t\t<br>\n\n\t\t\t\t\n\t\t\t\t3.1\n\t\t\t<\/td><td>\n\t\t\t\t<br>\n\n\t\t\t\t\n\t\t\t\t90\n\t\t\t<\/td><\/tr><tr><td>\n\t\t\t\t<br>\n\n\t\t\t\t\n\t\t\t\t<strong>Normandie<\/strong>\n\t\t\t\t<br>\n\n\t\t\t\t\n\t\t\t<\/td><td>\n\t\t\t\t<br>\n\n\t\t\t\t\n\t\t\t\t30.2\n\t\t\t<\/td><td>\n\t\t\t\t<br>\n\n\t\t\t\t\n\t\t\t\t7.83\n\t\t\t<\/td><td>\n\t\t\t\t<br>\n\n\t\t\t\t\n\t\t\t\t0.60\n\t\t\t<\/td><td>\n\t\t\t\t<br>\n\n\t\t\t\t\n\t\t\t\t3\n\t\t\t<\/td><td>\n\t\t\t\t<br>\n\n\t\t\t\t\n\t\t\t\t46.4\n\t\t\t<\/td><td>\n\t\t\t\t<br>\n\n\t\t\t\t\n\t\t\t\t10.85\n\t\t\t<\/td><td>\n\t\t\t\t<br>\n\n\t\t\t\t\n\t\t\t\t3.5\n\t\t\t<\/td><td>\n\t\t\t\t<br>\n\n\t\t\t\t\n\t\t\t\t92\n\t\t\t<\/td><\/tr><\/tbody><\/table>\n","protected":false},"excerpt":{"rendered":"<p>LA FORET DE LA MONTMARIE OLLIERGUES &#8211; PUY DE DOME HISTORIQUE DE LA FORET C\u2019est en 1871, que Robert De Nervo, fondateur de la compagnie de Chemin de Fer du PLM, ach\u00e8te une propri\u00e9t\u00e9&#46;&#46;&#46;<\/p>\n","protected":false},"author":1,"featured_media":0,"comment_status":"closed","ping_status":"closed","sticky":false,"template":"","format":"standard","meta":{"_lmt_disableupdate":"no","_lmt_disable":"","ngg_post_thumbnail":0},"categories":[14],"tags":[],"modified_by":"admin4789","_links":{"self":[{"href":"https:\/\/cetef63.fr\/index.php?rest_route=\/wp\/v2\/posts\/473"}],"collection":[{"href":"https:\/\/cetef63.fr\/index.php?rest_route=\/wp\/v2\/posts"}],"about":[{"href":"https:\/\/cetef63.fr\/index.php?rest_route=\/wp\/v2\/types\/post"}],"author":[{"embeddable":true,"href":"https:\/\/cetef63.fr\/index.php?rest_route=\/wp\/v2\/users\/1"}],"replies":[{"embeddable":true,"href":"https:\/\/cetef63.fr\/index.php?rest_route=%2Fwp%2Fv2%2Fcomments&post=473"}],"version-history":[{"count":5,"href":"https:\/\/cetef63.fr\/index.php?rest_route=\/wp\/v2\/posts\/473\/revisions"}],"predecessor-version":[{"id":833,"href":"https:\/\/cetef63.fr\/index.php?rest_route=\/wp\/v2\/posts\/473\/revisions\/833"}],"wp:attachment":[{"href":"https:\/\/cetef63.fr\/index.php?rest_route=%2Fwp%2Fv2%2Fmedia&parent=473"}],"wp:term":[{"taxonomy":"category","embeddable":true,"href":"https:\/\/cetef63.fr\/index.php?rest_route=%2Fwp%2Fv2%2Fcategories&post=473"},{"taxonomy":"post_tag","embeddable":true,"href":"https:\/\/cetef63.fr\/index.php?rest_route=%2Fwp%2Fv2%2Ftags&post=473"}],"curies":[{"name":"wp","href":"https:\/\/api.w.org\/{rel}","templated":true}]}}