{"id":256,"date":"2017-06-12T17:03:57","date_gmt":"2017-06-12T15:03:57","guid":{"rendered":"http:\/\/cetef63.fr\/?p=256"},"modified":"2019-03-20T08:39:43","modified_gmt":"2019-03-20T07:39:43","slug":"visite-a-crevant-laveine","status":"publish","type":"post","link":"https:\/\/cetef63.fr\/?p=256","title":{"rendered":"Crevant-Laveine-visite en juin 2017"},"content":{"rendered":"\n<p>Cette r\u00e9union a eu lieu \u00e0 Crevant-Laveine o\u00f9 l&rsquo;exp\u00e9rimentation <strong>638902<\/strong> a d\u00e9but\u00e9 en 1989.<\/p>\n\n\n\n<div class=\"wp-block-file\"><a href=\"https:\/\/cetef63.fr\/wp-content\/uploads\/2019\/02\/638902-maj-6-2017-Crevant-laveine.pdf\">Compte-rendu de la r\u00e9union<\/a><a href=\"https:\/\/cetef63.fr\/wp-content\/uploads\/2019\/02\/638902-maj-6-2017-Crevant-laveine.pdf\" class=\"wp-block-file__button\" download>T\u00e9l\u00e9charger<\/a><\/div>\n\n\n\n<p><\/p>\n","protected":false},"excerpt":{"rendered":"<p>Cette r\u00e9union a eu lieu \u00e0 Crevant-Laveine o\u00f9 l&rsquo;exp\u00e9rimentation 638902 a d\u00e9but\u00e9 en 1989.<\/p>\n","protected":false},"author":1,"featured_media":0,"comment_status":"closed","ping_status":"closed","sticky":false,"template":"","format":"standard","meta":{"_lmt_disableupdate":"no","_lmt_disable":"","ngg_post_thumbnail":0},"categories":[2],"tags":[],"modified_by":"admin4789","_links":{"self":[{"href":"https:\/\/cetef63.fr\/index.php?rest_route=\/wp\/v2\/posts\/256"}],"collection":[{"href":"https:\/\/cetef63.fr\/index.php?rest_route=\/wp\/v2\/posts"}],"about":[{"href":"https:\/\/cetef63.fr\/index.php?rest_route=\/wp\/v2\/types\/post"}],"author":[{"embeddable":true,"href":"https:\/\/cetef63.fr\/index.php?rest_route=\/wp\/v2\/users\/1"}],"replies":[{"embeddable":true,"href":"https:\/\/cetef63.fr\/index.php?rest_route=%2Fwp%2Fv2%2Fcomments&post=256"}],"version-history":[{"count":8,"href":"https:\/\/cetef63.fr\/index.php?rest_route=\/wp\/v2\/posts\/256\/revisions"}],"predecessor-version":[{"id":903,"href":"https:\/\/cetef63.fr\/index.php?rest_route=\/wp\/v2\/posts\/256\/revisions\/903"}],"wp:attachment":[{"href":"https:\/\/cetef63.fr\/index.php?rest_route=%2Fwp%2Fv2%2Fmedia&parent=256"}],"wp:term":[{"taxonomy":"category","embeddable":true,"href":"https:\/\/cetef63.fr\/index.php?rest_route=%2Fwp%2Fv2%2Fcategories&post=256"},{"taxonomy":"post_tag","embeddable":true,"href":"https:\/\/cetef63.fr\/index.php?rest_route=%2Fwp%2Fv2%2Ftags&post=256"}],"curies":[{"name":"wp","href":"https:\/\/api.w.org\/{rel}","templated":true}]}}