{"id":1035,"date":"2019-12-12T18:22:56","date_gmt":"2019-12-12T17:22:56","guid":{"rendered":"http:\/\/cetef63.fr\/?p=1035"},"modified":"2020-02-26T16:27:09","modified_gmt":"2020-02-26T15:27:09","slug":"generalites-sur-le-douglas-le-09-12-19","status":"publish","type":"post","link":"https:\/\/cetef63.fr\/?p=1035","title":{"rendered":"g\u00e9n\u00e9ralit\u00e9s sur le Douglas le 09\/12\/19 \u00e0 9h30"},"content":{"rendered":"\n<p>Pr\u00e9sentation de g\u00e9n\u00e9ralit\u00e9s sur le Douglas et les diff\u00e9rents itin\u00e9raires sylvicoles retenus par le CNPF-IDF et autres structures de la fili\u00e8re for\u00eat-bois susceptibles d&rsquo;\u00eatres mis en \u0153uvre dans les douglasaies.<\/p>\n\n\n\n<p>Voici la pr\u00e9sentation sous forme de 4 fichiers pdf :<\/p>\n\n\n\n<div class=\"wp-block-file\"><a href=\"https:\/\/cetef63.fr\/wp-content\/uploads\/2020\/02\/Pr\u00e9sentation1.pdf\" target=\"_blank\" rel=\"noreferrer noopener\">Pr\u00e9sentation 1<\/a><a href=\"https:\/\/cetef63.fr\/wp-content\/uploads\/2020\/02\/Pr\u00e9sentation1.pdf\" class=\"wp-block-file__button\" download>T\u00e9l\u00e9charger<\/a><\/div>\n\n\n\n<div class=\"wp-block-file\"><a href=\"https:\/\/cetef63.fr\/wp-content\/uploads\/2020\/02\/Pr\u00e9sentation2.pdf\" target=\"_blank\" rel=\"noreferrer noopener\">Pr\u00e9sentation 2<\/a><a href=\"https:\/\/cetef63.fr\/wp-content\/uploads\/2020\/02\/Pr\u00e9sentation2.pdf\" class=\"wp-block-file__button\" download>T\u00e9l\u00e9charger<\/a><\/div>\n\n\n\n<div class=\"wp-block-file\"><a href=\"https:\/\/cetef63.fr\/wp-content\/uploads\/2020\/02\/Pr\u00e9sentation3.pdf\" target=\"_blank\" rel=\"noreferrer noopener\">Pr\u00e9sentation 3<\/a><a href=\"https:\/\/cetef63.fr\/wp-content\/uploads\/2020\/02\/Pr\u00e9sentation3.pdf\" class=\"wp-block-file__button\" download>T\u00e9l\u00e9charger<\/a><\/div>\n\n\n\n<div class=\"wp-block-file\"><a href=\"https:\/\/cetef63.fr\/wp-content\/uploads\/2020\/02\/Pr\u00e9sentation4.pdf\" target=\"_blank\" rel=\"noreferrer noopener\">Pr\u00e9sentation 4<\/a><a href=\"https:\/\/cetef63.fr\/wp-content\/uploads\/2020\/02\/Pr\u00e9sentation4.pdf\" class=\"wp-block-file__button\" download>T\u00e9l\u00e9charger<\/a><\/div>\n\n\n\n<p><\/p>\n","protected":false},"excerpt":{"rendered":"<p>Pr\u00e9sentation de g\u00e9n\u00e9ralit\u00e9s sur le Douglas et les diff\u00e9rents itin\u00e9raires sylvicoles retenus par le CNPF-IDF et autres structures de la fili\u00e8re for\u00eat-bois susceptibles d&rsquo;\u00eatres mis en \u0153uvre dans les douglasaies. Voici la pr\u00e9sentation sous&#46;&#46;&#46;<\/p>\n","protected":false},"author":1,"featured_media":0,"comment_status":"closed","ping_status":"closed","sticky":false,"template":"","format":"standard","meta":{"_lmt_disableupdate":"no","_lmt_disable":"","ngg_post_thumbnail":0},"categories":[2],"tags":[],"modified_by":"admin4789","_links":{"self":[{"href":"https:\/\/cetef63.fr\/index.php?rest_route=\/wp\/v2\/posts\/1035"}],"collection":[{"href":"https:\/\/cetef63.fr\/index.php?rest_route=\/wp\/v2\/posts"}],"about":[{"href":"https:\/\/cetef63.fr\/index.php?rest_route=\/wp\/v2\/types\/post"}],"author":[{"embeddable":true,"href":"https:\/\/cetef63.fr\/index.php?rest_route=\/wp\/v2\/users\/1"}],"replies":[{"embeddable":true,"href":"https:\/\/cetef63.fr\/index.php?rest_route=%2Fwp%2Fv2%2Fcomments&post=1035"}],"version-history":[{"count":11,"href":"https:\/\/cetef63.fr\/index.php?rest_route=\/wp\/v2\/posts\/1035\/revisions"}],"predecessor-version":[{"id":1080,"href":"https:\/\/cetef63.fr\/index.php?rest_route=\/wp\/v2\/posts\/1035\/revisions\/1080"}],"wp:attachment":[{"href":"https:\/\/cetef63.fr\/index.php?rest_route=%2Fwp%2Fv2%2Fmedia&parent=1035"}],"wp:term":[{"taxonomy":"category","embeddable":true,"href":"https:\/\/cetef63.fr\/index.php?rest_route=%2Fwp%2Fv2%2Fcategories&post=1035"},{"taxonomy":"post_tag","embeddable":true,"href":"https:\/\/cetef63.fr\/index.php?rest_route=%2Fwp%2Fv2%2Ftags&post=1035"}],"curies":[{"name":"wp","href":"https:\/\/api.w.org\/{rel}","templated":true}]}}